{"id":13996,"date":"2023-09-30T20:44:00","date_gmt":"2023-09-30T18:44:00","guid":{"rendered":"https:\/\/clesheo.pl\/?p=13996"},"modified":"2023-09-30T20:48:09","modified_gmt":"2023-09-30T18:48:09","slug":"kronika-rozwoju-dziecka-ktory-album-dziecka-wybrac","status":"publish","type":"post","link":"https:\/\/clesheo.pl\/en\/kronika-rozwoju-dziecka-ktory-album-dziecka-wybrac\/","title":{"rendered":"Kronika rozwoju dziecka &#8211; kt\u00f3ry album dziecka wybra\u0107?"},"content":{"rendered":"<p>Kronika rozwoju dziecka &#8211; kt\u00f3ry album dziecka wybra\u0107?<\/p>\n<p>Wyb\u00f3r pami\u0119tnika noworodka zale\u017cy od Twoich osobistych preferencji i potrzeb. Istnieje wiele r\u00f3\u017cnych rodzaj\u00f3w pami\u0119tnik\u00f3w dost\u0119pnych na rynku, dlatego warto rozwa\u017cy\u0107, co jest dla Ciebie wa\u017cne i jaki rodzaj pami\u0119tnika b\u0119dzie najlepiej spe\u0142nia\u0142 Twoje oczekiwania. Oto kilka kwestii, kt\u00f3re warto wzi\u0105\u0107 pod uwag\u0119:<\/p>\n<ol>\n<li><strong>Rodzaj pami\u0119tnika:<\/strong> Pami\u0119tniki noworodka mog\u0105 mie\u0107 r\u00f3\u017cne struktury i przeznaczenia. Istniej\u0105 te, kt\u00f3re s\u0105 bardziej og\u00f3lnym dziennikiem rozwoju dziecka, a tak\u017ce te, kt\u00f3re s\u0105 bardziej skoncentrowane na pierwszych miesi\u0105cach \u017cycia, u\u0142atwiaj\u0105ce zapisywanie szczeg\u00f3\u0142owych informacji o etapach niemowl\u0119ctwa.<\/li>\n<li><strong>Rodzaj ok\u0142adki:<\/strong> Ok\u0142adka pami\u0119tnika mo\u017ce mie\u0107 r\u00f3\u017cne style i materia\u0142y. Niekt\u00f3re pami\u0119tniki maj\u0105 ok\u0142adki z twardym materia\u0142em, podczas gdy inne maj\u0105 mi\u0119kk\u0105 ok\u0142adk\u0119. Wybierz t\u0119, kt\u00f3ra Ci si\u0119 podoba i odpowiada Twoim gustom.<\/li>\n<li><strong>Personalizacja:<\/strong> Je\u015bli chcesz, aby pami\u0119tnik by\u0142 bardziej osobisty, zwr\u00f3\u0107 uwag\u0119 na opcje personalizacji, takie jak dodanie imienia dziecka na ok\u0142adce.<\/li>\n<li><strong>Strony i uk\u0142ad:<\/strong> Sprawd\u017a, czy pami\u0119tnik ma odpowiedni\u0105 ilo\u015b\u0107 stron, aby pomie\u015bci\u0107 wszystkie informacje i zdj\u0119cia, kt\u00f3rymi chcesz si\u0119 podzieli\u0107. Zastan\u00f3w si\u0119 r\u00f3wnie\u017c nad uk\u0142adem stron i czy jest on intuicyjny w u\u017cyciu.<\/li>\n<li><strong>Miejsce na zdj\u0119cia:<\/strong> Je\u015bli planujesz do\u0142\u0105cza\u0107 zdj\u0119cia do pami\u0119tnika, upewnij si\u0119, \u017ce jest wystarczaj\u0105co du\u017co miejsca na ich umieszczenie, a tak\u017ce, \u017ce s\u0105 odpowiednie miejsca do opis\u00f3w i dat.<\/li>\n<li><strong>Tematyczne strony:<\/strong> Je\u015bli istniej\u0105 konkretne elementy, kt\u00f3rymi chcia\u0142by\u015b si\u0119 podzieli\u0107, takie jak pierwsze kroki, pierwszy u\u015bmiech, czy daty szczepie\u0144, poszukaj pami\u0119tnika z odpowiednimi tematycznymi stronami.<\/li>\n<li><strong>Jako\u015b\u0107 wykonania:<\/strong> Wybierz pami\u0119tnik wykonany z trwa\u0142ych materia\u0142\u00f3w, kt\u00f3re przetrwaj\u0105 przez lata, poniewa\u017c to b\u0119dzie cenna pami\u0105tka.<\/li>\n<li><strong>Cena:<\/strong> Pami\u0119tniki noworodka s\u0105 dost\u0119pne w r\u00f3\u017cnych cenach. Znalezienie odpowiedniego balansu mi\u0119dzy jako\u015bci\u0105 a cen\u0105 jest wa\u017cne.<\/li>\n<\/ol>\n<p>Pami\u0119tnik z imieniem dziecka i dat\u0105 urodzin na ok\u0142adce<\/p>\n<div id=\"attachment_13904\" style=\"width: 310px\"  class=\"wp-caption alignnone\"><a href=\"https:\/\/clesheo.pl\/shop\/pamietnik-dziecka-clesheo-oto-ja-bezowy\/\"><img decoding=\"async\" class=\"wp-image-13904 size-medium lazyload\" data-src=\"https:\/\/clesheo.pl\/wp-content\/uploads\/2023\/09\/Album-dziecka-pamietnik-clesheo-e1695295381462-300x293.jpg\" alt=\"pami\u0119tnik dziecka album pierwszy\" width=\"300\" height=\"293\" data-srcset=\"https:\/\/clesheo.pl\/wp-content\/uploads\/2023\/09\/Album-dziecka-pamietnik-clesheo-e1695295381462-300x293.jpg 300w, https:\/\/clesheo.pl\/wp-content\/uploads\/2023\/09\/Album-dziecka-pamietnik-clesheo-e1695295381462.jpg 600w\" data-sizes=\"(max-width: 300px) 100vw, 300px\" src=\"data:image\/svg+xml;base64,PHN2ZyB3aWR0aD0iMSIgaGVpZ2h0PSIxIiB4bWxucz0iaHR0cDovL3d3dy53My5vcmcvMjAwMC9zdmciPjwvc3ZnPg==\" style=\"--smush-placeholder-width: 300px; --smush-placeholder-aspect-ratio: 300\/293;\" \/><\/a><p class=\"wp-caption-text\">pami\u0119tnik dziecka album pierwszy<\/p><\/div>\n<p>&nbsp;<\/p>\n<p>Warto r\u00f3wnie\u017c przeczyta\u0107 recenzje i opinie innych rodzic\u00f3w, kt\u00f3rzy korzystali z konkretnego pami\u0119tnika, aby dowiedzie\u0107 si\u0119, jakie by\u0142y ich do\u015bwiadczenia i czy dany produkt spe\u0142nia ich oczekiwania. Ostatecznie wybierz taki pami\u0119tnik, kt\u00f3ry pasuje do Twojego stylu \u017cycia i pozwoli Ci cieszy\u0107 si\u0119 procesem dokumentowania rozwoju i wspomnie\u0144 Twojego dziecka.<\/p>\n<p>&nbsp;<\/p>\n","protected":false},"excerpt":{"rendered":"<p>Kronika rozwoju dziecka &#8211; kt\u00f3ry album dziecka wybra\u0107? Wyb\u00f3r pami\u0119tnika noworodka zale\u017cy od Twoich osobistych preferencji i potrzeb. Istnieje wiele r\u00f3\u017cnych rodzaj\u00f3w pami\u0119tnik\u00f3w dost\u0119pnych na rynku, dlatego warto rozwa\u017cy\u0107, co jest dla Ciebie wa\u017cne i jaki rodzaj pami\u0119tnika b\u0119dzie najlepiej spe\u0142nia\u0142 Twoje oczekiwania. Oto kilka kwestii, kt\u00f3re warto wzi\u0105\u0107 pod uwag\u0119: Rodzaj pami\u0119tnika: Pami\u0119tniki noworodka<\/p>\n","protected":false},"author":3,"featured_media":13923,"comment_status":"open","ping_status":"open","sticky":false,"template":"","format":"standard","meta":{"footnotes":""},"categories":[470],"tags":[445,464,463,456,450,465,447,460,109,459,455,448,446,108,469,458,449,461,457,468,452,467,466,454,462,451,453],"class_list":["post-13996","post","type-post","status-publish","format-standard","has-post-thumbnail","hentry","category-artykuly","tag-album-dziecka","tag-chwilespedzonerazem","tag-dziecinstwa","tag-dziecinstwo","tag-dziennik-dziecka","tag-etaprozwoju","tag-historia-dziecka","tag-kamienie-milowe","tag-kronika-dziecka","tag-mile","tag-notatki-dziecka","tag-opowiesc-dziecka","tag-pamietnik-dla-dziecka","tag-pamietnik-dziecka","tag-pierwsze-kroki","tag-pierwszy-rok","tag-relacja-dziecka","tag-rodzina","tag-rozwoj-dziecka","tag-slodkiechwile","tag-swiadectwo-dziecka","tag-urodzinydziecka","tag-wakacjedziecka","tag-wspomnienia-dziecka","tag-wspomnienia","tag-zapis-dziecka","tag-zdjecia-dziecka"],"yoast_head":"<!-- This site is optimized with the Yoast SEO plugin v23.6 - https:\/\/yoast.com\/wordpress\/plugins\/seo\/ -->\n<title>Kronika rozwoju dziecka - kt\u00f3ry album dziecka wybra\u0107?<\/title>\n<meta name=\"description\" content=\"Kronika rozwoju dziecka Kt\u00f3ry album dziecka wybra\u0107. Zobacz na co zwr\u00f3ci\u0107 uwag\u0119 przy wyborze kroniki do spisywania wspomnie\u0144 z pierwszych lat \u017cycia dziecka\" \/>\n<meta name=\"robots\" content=\"index, follow, max-snippet:-1, max-image-preview:large, max-video-preview:-1\" \/>\n<link rel=\"canonical\" href=\"https:\/\/clesheo.pl\/en\/kronika-rozwoju-dziecka-ktory-album-dziecka-wybrac\/\" \/>\n<meta property=\"og:locale\" content=\"en_US\" \/>\n<meta property=\"og:locale:alternate\" content=\"pl_PL\" \/>\n<meta property=\"og:type\" content=\"article\" \/>\n<meta property=\"og:title\" content=\"Kronika rozwoju dziecka - kt\u00f3ry album dziecka wybra\u0107?\" \/>\n<meta property=\"og:description\" content=\"Kronika rozwoju dziecka Kt\u00f3ry album dziecka wybra\u0107. Zobacz na co zwr\u00f3ci\u0107 uwag\u0119 przy wyborze kroniki do spisywania wspomnie\u0144 z pierwszych lat \u017cycia dziecka\" \/>\n<meta property=\"og:url\" content=\"https:\/\/clesheo.pl\/en\/kronika-rozwoju-dziecka-ktory-album-dziecka-wybrac\/\" \/>\n<meta property=\"og:site_name\" content=\"Clesheo\" \/>\n<meta property=\"article:published_time\" content=\"2023-09-30T18:44:00+00:00\" \/>\n<meta property=\"article:modified_time\" content=\"2023-09-30T18:48:09+00:00\" \/>\n<meta property=\"og:image\" content=\"https:\/\/clesheo.pl\/wp-content\/uploads\/2023\/09\/Album-dla-dziecka-pamietnik-clesheo-dla-noworodka-2-e1696098653152.jpg\" \/>\n\t<meta property=\"og:image:width\" content=\"400\" \/>\n\t<meta property=\"og:image:height\" content=\"363\" \/>\n\t<meta property=\"og:image:type\" content=\"image\/jpeg\" \/>\n<meta name=\"author\" content=\"clesheo\" \/>\n<meta name=\"twitter:card\" content=\"summary_large_image\" \/>\n<meta name=\"twitter:label1\" content=\"Written by\" \/>\n\t<meta name=\"twitter:data1\" content=\"clesheo\" \/>\n\t<meta name=\"twitter:label2\" content=\"Est. reading time\" \/>\n\t<meta name=\"twitter:data2\" content=\"3 minutes\" \/>\n<script type=\"application\/ld+json\" class=\"yoast-schema-graph\">{\"@context\":\"https:\/\/schema.org\",\"@graph\":[{\"@type\":\"WebPage\",\"@id\":\"https:\/\/clesheo.pl\/kronika-rozwoju-dziecka-ktory-album-dziecka-wybrac\/\",\"url\":\"https:\/\/clesheo.pl\/kronika-rozwoju-dziecka-ktory-album-dziecka-wybrac\/\",\"name\":\"Kronika rozwoju dziecka - kt\u00f3ry album dziecka wybra\u0107?\",\"isPartOf\":{\"@id\":\"https:\/\/clesheo.pl\/#website\"},\"primaryImageOfPage\":{\"@id\":\"https:\/\/clesheo.pl\/kronika-rozwoju-dziecka-ktory-album-dziecka-wybrac\/#primaryimage\"},\"image\":{\"@id\":\"https:\/\/clesheo.pl\/kronika-rozwoju-dziecka-ktory-album-dziecka-wybrac\/#primaryimage\"},\"thumbnailUrl\":\"https:\/\/clesheo.pl\/wp-content\/uploads\/2023\/09\/Album-dla-dziecka-pamietnik-clesheo-dla-noworodka-2-e1696098653152.jpg\",\"datePublished\":\"2023-09-30T18:44:00+00:00\",\"dateModified\":\"2023-09-30T18:48:09+00:00\",\"author\":{\"@id\":\"https:\/\/clesheo.pl\/#\/schema\/person\/6e2a7e0935f4df0ed257cc1a1089f765\"},\"description\":\"Kronika rozwoju dziecka Kt\u00f3ry album dziecka wybra\u0107. Zobacz na co zwr\u00f3ci\u0107 uwag\u0119 przy wyborze kroniki do spisywania wspomnie\u0144 z pierwszych lat \u017cycia dziecka\",\"breadcrumb\":{\"@id\":\"https:\/\/clesheo.pl\/kronika-rozwoju-dziecka-ktory-album-dziecka-wybrac\/#breadcrumb\"},\"inLanguage\":\"en-US\",\"potentialAction\":[{\"@type\":\"ReadAction\",\"target\":[\"https:\/\/clesheo.pl\/kronika-rozwoju-dziecka-ktory-album-dziecka-wybrac\/\"]}]},{\"@type\":\"ImageObject\",\"inLanguage\":\"en-US\",\"@id\":\"https:\/\/clesheo.pl\/kronika-rozwoju-dziecka-ktory-album-dziecka-wybrac\/#primaryimage\",\"url\":\"https:\/\/clesheo.pl\/wp-content\/uploads\/2023\/09\/Album-dla-dziecka-pamietnik-clesheo-dla-noworodka-2-e1696098653152.jpg\",\"contentUrl\":\"https:\/\/clesheo.pl\/wp-content\/uploads\/2023\/09\/Album-dla-dziecka-pamietnik-clesheo-dla-noworodka-2-e1696098653152.jpg\",\"width\":400,\"height\":363,\"caption\":\"Album dziecka, pami\u0119tnik z pierwszych lat \u017cycia, kronika\"},{\"@type\":\"BreadcrumbList\",\"@id\":\"https:\/\/clesheo.pl\/kronika-rozwoju-dziecka-ktory-album-dziecka-wybrac\/#breadcrumb\",\"itemListElement\":[{\"@type\":\"ListItem\",\"position\":1,\"name\":\"Strona g\u0142\u00f3wna\",\"item\":\"https:\/\/clesheo.pl\/\"},{\"@type\":\"ListItem\",\"position\":2,\"name\":\"Kronika rozwoju dziecka &#8211; kt\u00f3ry album dziecka wybra\u0107?\"}]},{\"@type\":\"WebSite\",\"@id\":\"https:\/\/clesheo.pl\/#website\",\"url\":\"https:\/\/clesheo.pl\/\",\"name\":\"Clesheo\",\"description\":\"\",\"potentialAction\":[{\"@type\":\"SearchAction\",\"target\":{\"@type\":\"EntryPoint\",\"urlTemplate\":\"https:\/\/clesheo.pl\/?s={search_term_string}\"},\"query-input\":{\"@type\":\"PropertyValueSpecification\",\"valueRequired\":true,\"valueName\":\"search_term_string\"}}],\"inLanguage\":\"en-US\"},{\"@type\":\"Person\",\"@id\":\"https:\/\/clesheo.pl\/#\/schema\/person\/6e2a7e0935f4df0ed257cc1a1089f765\",\"name\":\"clesheo\",\"image\":{\"@type\":\"ImageObject\",\"inLanguage\":\"en-US\",\"@id\":\"https:\/\/clesheo.pl\/#\/schema\/person\/image\/\",\"url\":\"https:\/\/secure.gravatar.com\/avatar\/419d92b27653c7b591cc8d79ba90825e88f6cba163c8e4eefd6690e318d4f8f5?s=96&d=mm&r=g\",\"contentUrl\":\"https:\/\/secure.gravatar.com\/avatar\/419d92b27653c7b591cc8d79ba90825e88f6cba163c8e4eefd6690e318d4f8f5?s=96&d=mm&r=g\",\"caption\":\"clesheo\"}}]}<\/script>\n<!-- \/ Yoast SEO plugin. -->","yoast_head_json":{"title":"Kronika rozwoju dziecka - kt\u00f3ry album dziecka wybra\u0107?","description":"Kronika rozwoju dziecka Kt\u00f3ry album dziecka wybra\u0107. Zobacz na co zwr\u00f3ci\u0107 uwag\u0119 przy wyborze kroniki do spisywania wspomnie\u0144 z pierwszych lat \u017cycia dziecka","robots":{"index":"index","follow":"follow","max-snippet":"max-snippet:-1","max-image-preview":"max-image-preview:large","max-video-preview":"max-video-preview:-1"},"canonical":"https:\/\/clesheo.pl\/en\/kronika-rozwoju-dziecka-ktory-album-dziecka-wybrac\/","og_locale":"en_US","og_type":"article","og_title":"[:pl]Kronika rozwoju dziecka - kt\u00f3ry album dziecka wybra\u0107?[:] - Clesheo","og_description":"Kronika rozwoju dziecka Kt\u00f3ry album dziecka wybra\u0107. Zobacz na co zwr\u00f3ci\u0107 uwag\u0119 przy wyborze kroniki do spisywania wspomnie\u0144 z pierwszych lat \u017cycia dziecka","og_url":"https:\/\/clesheo.pl\/en\/kronika-rozwoju-dziecka-ktory-album-dziecka-wybrac\/","og_site_name":"Clesheo","article_published_time":"2023-09-30T18:44:00+00:00","article_modified_time":"2023-09-30T18:48:09+00:00","og_image":[{"width":400,"height":363,"url":"https:\/\/clesheo.pl\/wp-content\/uploads\/2023\/09\/Album-dla-dziecka-pamietnik-clesheo-dla-noworodka-2-e1696098653152.jpg","type":"image\/jpeg"}],"author":"clesheo","twitter_card":"summary_large_image","twitter_misc":{"Written by":"clesheo","Est. reading time":"3 minutes"},"schema":{"@context":"https:\/\/schema.org","@graph":[{"@type":"WebPage","@id":"https:\/\/clesheo.pl\/kronika-rozwoju-dziecka-ktory-album-dziecka-wybrac\/","url":"https:\/\/clesheo.pl\/kronika-rozwoju-dziecka-ktory-album-dziecka-wybrac\/","name":"Kronika rozwoju dziecka - kt\u00f3ry album dziecka wybra\u0107?","isPartOf":{"@id":"https:\/\/clesheo.pl\/#website"},"primaryImageOfPage":{"@id":"https:\/\/clesheo.pl\/kronika-rozwoju-dziecka-ktory-album-dziecka-wybrac\/#primaryimage"},"image":{"@id":"https:\/\/clesheo.pl\/kronika-rozwoju-dziecka-ktory-album-dziecka-wybrac\/#primaryimage"},"thumbnailUrl":"https:\/\/clesheo.pl\/wp-content\/uploads\/2023\/09\/Album-dla-dziecka-pamietnik-clesheo-dla-noworodka-2-e1696098653152.jpg","datePublished":"2023-09-30T18:44:00+00:00","dateModified":"2023-09-30T18:48:09+00:00","author":{"@id":"https:\/\/clesheo.pl\/#\/schema\/person\/6e2a7e0935f4df0ed257cc1a1089f765"},"description":"Kronika rozwoju dziecka Kt\u00f3ry album dziecka wybra\u0107. Zobacz na co zwr\u00f3ci\u0107 uwag\u0119 przy wyborze kroniki do spisywania wspomnie\u0144 z pierwszych lat \u017cycia dziecka","breadcrumb":{"@id":"https:\/\/clesheo.pl\/kronika-rozwoju-dziecka-ktory-album-dziecka-wybrac\/#breadcrumb"},"inLanguage":"en-US","potentialAction":[{"@type":"ReadAction","target":["https:\/\/clesheo.pl\/kronika-rozwoju-dziecka-ktory-album-dziecka-wybrac\/"]}]},{"@type":"ImageObject","inLanguage":"en-US","@id":"https:\/\/clesheo.pl\/kronika-rozwoju-dziecka-ktory-album-dziecka-wybrac\/#primaryimage","url":"https:\/\/clesheo.pl\/wp-content\/uploads\/2023\/09\/Album-dla-dziecka-pamietnik-clesheo-dla-noworodka-2-e1696098653152.jpg","contentUrl":"https:\/\/clesheo.pl\/wp-content\/uploads\/2023\/09\/Album-dla-dziecka-pamietnik-clesheo-dla-noworodka-2-e1696098653152.jpg","width":400,"height":363,"caption":"Album dziecka, pami\u0119tnik z pierwszych lat \u017cycia, kronika"},{"@type":"BreadcrumbList","@id":"https:\/\/clesheo.pl\/kronika-rozwoju-dziecka-ktory-album-dziecka-wybrac\/#breadcrumb","itemListElement":[{"@type":"ListItem","position":1,"name":"Strona g\u0142\u00f3wna","item":"https:\/\/clesheo.pl\/"},{"@type":"ListItem","position":2,"name":"Kronika rozwoju dziecka &#8211; kt\u00f3ry album dziecka wybra\u0107?"}]},{"@type":"WebSite","@id":"https:\/\/clesheo.pl\/#website","url":"https:\/\/clesheo.pl\/","name":"Clesheo","description":"","potentialAction":[{"@type":"SearchAction","target":{"@type":"EntryPoint","urlTemplate":"https:\/\/clesheo.pl\/?s={search_term_string}"},"query-input":{"@type":"PropertyValueSpecification","valueRequired":true,"valueName":"search_term_string"}}],"inLanguage":"en-US"},{"@type":"Person","@id":"https:\/\/clesheo.pl\/#\/schema\/person\/6e2a7e0935f4df0ed257cc1a1089f765","name":"clesheo","image":{"@type":"ImageObject","inLanguage":"en-US","@id":"https:\/\/clesheo.pl\/#\/schema\/person\/image\/","url":"https:\/\/secure.gravatar.com\/avatar\/419d92b27653c7b591cc8d79ba90825e88f6cba163c8e4eefd6690e318d4f8f5?s=96&d=mm&r=g","contentUrl":"https:\/\/secure.gravatar.com\/avatar\/419d92b27653c7b591cc8d79ba90825e88f6cba163c8e4eefd6690e318d4f8f5?s=96&d=mm&r=g","caption":"clesheo"}}]}},"_links":{"self":[{"href":"https:\/\/clesheo.pl\/en\/wp-json\/wp\/v2\/posts\/13996","targetHints":{"allow":["GET"]}}],"collection":[{"href":"https:\/\/clesheo.pl\/en\/wp-json\/wp\/v2\/posts"}],"about":[{"href":"https:\/\/clesheo.pl\/en\/wp-json\/wp\/v2\/types\/post"}],"author":[{"embeddable":true,"href":"https:\/\/clesheo.pl\/en\/wp-json\/wp\/v2\/users\/3"}],"replies":[{"embeddable":true,"href":"https:\/\/clesheo.pl\/en\/wp-json\/wp\/v2\/comments?post=13996"}],"version-history":[{"count":4,"href":"https:\/\/clesheo.pl\/en\/wp-json\/wp\/v2\/posts\/13996\/revisions"}],"predecessor-version":[{"id":14000,"href":"https:\/\/clesheo.pl\/en\/wp-json\/wp\/v2\/posts\/13996\/revisions\/14000"}],"wp:featuredmedia":[{"embeddable":true,"href":"https:\/\/clesheo.pl\/en\/wp-json\/wp\/v2\/media\/13923"}],"wp:attachment":[{"href":"https:\/\/clesheo.pl\/en\/wp-json\/wp\/v2\/media?parent=13996"}],"wp:term":[{"taxonomy":"category","embeddable":true,"href":"https:\/\/clesheo.pl\/en\/wp-json\/wp\/v2\/categories?post=13996"},{"taxonomy":"post_tag","embeddable":true,"href":"https:\/\/clesheo.pl\/en\/wp-json\/wp\/v2\/tags?post=13996"}],"curies":[{"name":"wp","href":"https:\/\/api.w.org\/{rel}","templated":true}]}}